{"id":9521,"date":"2022-09-30T14:02:55","date_gmt":"2022-09-30T13:02:55","guid":{"rendered":"https:\/\/insidesalons.com\/?p=9521"},"modified":"2022-09-30T14:02:55","modified_gmt":"2022-09-30T13:02:55","slug":"formacion-para-peluqueria","status":"publish","type":"post","link":"https:\/\/insidehair.es\/index.php\/2022\/09\/30\/formacion-para-peluqueria\/","title":{"rendered":"Formaci\u00f3n Para Peluquer\u00eda. INSIDE HAIR participa en BEAUTY CONTACT"},"content":{"rendered":"\n<p>Con el mes de septiembre a punto de terminar, estamos todas y todos inmersos de nuevo en la rutina. Para nuestro equipo, <strong>este mes es tan importante <\/strong>como para las ni\u00f1as y ni\u00f1os que vuelven al cole. Es el inicio de un <strong>nuevo curso<\/strong>. Y todav\u00eda nos sentimos m\u00e1s identificados cuando en septiembre arrancamos una <strong>nueva edici\u00f3n de nuestro <a href=\"https:\/\/insidesalons.com\/formacion\/\" target=\"_blank\" rel=\"noreferrer noopener\">M\u00e1ster para Peluquer\u00edas, IBM<\/a><\/strong> o un nuevo curso con el <strong><a href=\"https:\/\/insidesalons.com\/formacion\/\" target=\"_blank\" rel=\"noreferrer noopener\">programa STAR CLUB<\/a><\/strong>. La <strong>formaci\u00f3n para Peluquer\u00eda<\/strong> comienza en septiembre. Y nuestro equipo lo sabe.<\/p>\n\n\n\n<h2 class=\"wp-block-heading\">BEAUTY CONTACT, una gran oportunidad<\/h2>\n\n\n\n<div style=\"height:28px\" aria-hidden=\"true\" class=\"wp-block-spacer\"><\/div>\n\n\n\n<p>De la misma manera que las personas que est\u00e1n con nosotros en nuestros programas de formaci\u00f3n, nosotros tambi\u00e9n hemos arrancado el curso con ilusi\u00f3n. Antes de verano tuvimos la oportunidad de conocer la iniciativa que est\u00e1 llevando a cabo la revista <a href=\"https:\/\/www.beautymarket.es\/peluqueria\/-acciones-para-generar-ingresos-extra-en-tu-peluqueria-peluqueria-28895.php\" target=\"_blank\" rel=\"noreferrer noopener\">Beauty Market <\/a>a lo largo de nuestra geograf\u00eda. <strong>Su congreso BEAUTY CONTACT.<\/strong>\u00a0<\/p>\n\n\n\n<p>Se trata, como ellos explican, de un<strong> congreso de proximidad dedicado \u00edntegramente al sector de la belleza<\/strong> y a sus profesionales. <a href=\"https:\/\/beautycontact.es\/\" target=\"_blank\" rel=\"noreferrer noopener\">BEAUTY CONTACT <\/a>viaja por las comunidades aut\u00f3nomas acercando <strong>demostraciones, formaci\u00f3n y networking <\/strong>a sus visitantes. Y cuando nos ofrecieron la oportunidad de participar, no lo dudamos ni un segundo. \u00cdbamos a aportar todo lo que sabemos de <strong>formaci\u00f3n para Peluquer\u00edas<\/strong>.\u00a0<\/p>\n\n\n\n<div style=\"height:31px\" aria-hidden=\"true\" class=\"wp-block-spacer\"><\/div>\n\n\n\n<figure class=\"wp-block-image size-full\"><a href=\"https:\/\/insidesalons.com\/wp-content\/uploads\/2022\/09\/formacion-peluqueria-valencia.jpg\"><img fetchpriority=\"high\" decoding=\"async\" width=\"1024\" height=\"576\" src=\"https:\/\/insidesalons.com\/wp-content\/uploads\/2022\/09\/formacion-peluqueria-valencia.jpg\" alt=\"Parte del equipo de INSIDE HAIR en la formaci\u00f3n para peluquer\u00edas en Valencia. \" class=\"wp-image-9522\" srcset=\"https:\/\/insidehair.es\/wp-content\/uploads\/2022\/09\/formacion-peluqueria-valencia.jpg 1024w, https:\/\/insidehair.es\/wp-content\/uploads\/2022\/09\/formacion-peluqueria-valencia-300x169.jpg 300w, https:\/\/insidehair.es\/wp-content\/uploads\/2022\/09\/formacion-peluqueria-valencia-768x432.jpg 768w\" sizes=\"(max-width: 1024px) 100vw, 1024px\" \/><\/a><figcaption>Parte del equipo de INSIDE HAIR en el BEAUTY CONTACT Valencia<\/figcaption><\/figure>\n\n\n\n<h3 class=\"wp-block-heading\">Formaci\u00f3n Para Peluquer\u00edas en Beauty Contact Valencia<\/h3>\n\n\n\n<p>Nuestra primera oportunidad la tuvimos en casa, en la edici\u00f3n de Valencia. Hace unas pocas semanas fuimos invitados a ofrecer una charla de formaci\u00f3n para Peluquer\u00eda en el marco de este congreso. <strong>El contenido<\/strong> de esta intervenci\u00f3n, ofrecido por nuestro manager, Pablo S\u00e1nchez, fue el de: <strong>Las 5 estrategias para acelerar los resultados de tu sal\u00f3n<\/strong>.\u00a0<\/p>\n\n\n\n<p>Este contenido estaba basado, <strong>cien por cien, en la <a href=\"https:\/\/insidesalons.com\/servicios\/consultoria-y-mentoring-para-peluquerias\/\" target=\"_blank\" rel=\"noreferrer noopener\">metodolog\u00eda de INSIDE HAIR<\/a>,<\/strong> perfeccionada a trav\u00e9s de m\u00e1s de 10 a\u00f1os de experiencia trabajando en potenciar los resultados de cientos de salones que han trabajado con nosotros. Aqu\u00ed se explican 5 estrategias que <strong>atacan cada uno de los puntos clave<\/strong> para el desarrollo de tu sal\u00f3n de Peluquer\u00eda.<\/p>\n\n\n\n<h4 class=\"wp-block-heading\">Las 5 estrategias <\/h4>\n\n\n\n<ul class=\"wp-block-list\"><li><strong>Control de la actividad:<\/strong> El primer paso para hacer crecer tu sal\u00f3n es saber qu\u00e9 es lo que ocurre dentro de \u00e9l en todo momento. Durante nuestra ponencia te indicaremos cu\u00e1les son los INDICADORES CLAVE para controlar la actividad de tu sal\u00f3n.<\/li><\/ul>\n\n\n\n<ul class=\"wp-block-list\"><li><strong>Control de la Gesti\u00f3n: <\/strong>Una parte fundamental para el desarrollo de tu negocio es contar con el dominio de su gesti\u00f3n. Nuestro equipo de profesionales ha desarrollado diversas herramientas que te ayudar\u00e1n a mantener la gesti\u00f3n de tu sal\u00f3n al d\u00eda y con menos esfuerzo que con la manera tradicional.<\/li><\/ul>\n\n\n\n<ul class=\"wp-block-list\"><li><strong>Desarrollo del equipo: <\/strong>El crecimiento de una firma de peluquer\u00eda es imposible sin el desarrollo de un equipo de trabajo bien formado, organizado y eficiente. En INSIDE HAIR hemos encontrado las claves para conseguir que tus colaboradores se  conviertan en unaut\u00e9ntico equipo de ALTO RENDIMIENTO.<\/li><\/ul>\n\n\n\n<ul class=\"wp-block-list\"><li><strong>Incremento de la productividad: <\/strong>Aumentar la facturaci\u00f3n y el n\u00famero de clientes no es la soluci\u00f3n para hacer crecer tu negocio. Estos dos son ingredientes necesarios, pero no la receta completa. El secreto est\u00e1 en aumentar la productividad de tu equipo y de tus servicios, ya que conseguir\u00e1s que todo lo que hagas sea RENTABLE.<\/li><\/ul>\n\n\n\n<ul class=\"wp-block-list\"><li><strong>Implantaci\u00f3n de la estrategia de Marketing y Comunicaci\u00f3n:<\/strong> Es indispensable que tu marca comunique. Estamos en 2022 y aquella firma que no tenga presencia en los canales de comunicaci\u00f3n en los que se mueven los clientes est\u00e1 condenada a desaparecer. Por eso, crear una estrategia de Marketing y Comunicaci\u00f3n efectiva y ajustada a tu \u00e1rea de influencia es imprescindible.<\/li><\/ul>\n\n\n\n<p>Adem\u00e1s de disfrutar de la presencia de decenas de asistentes, tambi\u00e9n tuvimos la oportunidad de generar gran contenido de calidad para nuestra comunidad de INSIDERS como esta entrevista realizada a Pilar Rold\u00e1n, Directora de Contenidos de Beauty Market.<\/p>\n\n\n\n<div style=\"height:34px\" aria-hidden=\"true\" class=\"wp-block-spacer\"><\/div>\n\n\n\n<figure class=\"wp-block-embed is-type-video is-provider-youtube wp-block-embed-youtube wp-embed-aspect-16-9 wp-has-aspect-ratio\"><div class=\"wp-block-embed__wrapper\">\n<iframe title=\"Hablando sobre los Pr\u00f3ximos Retos de las Peluquer\u00edas con Pilar Rold\u00e1n\" width=\"800\" height=\"450\" src=\"https:\/\/www.youtube.com\/embed\/lyqTgT5kv9s?feature=oembed\" frameborder=\"0\" allow=\"accelerometer; autoplay; clipboard-write; encrypted-media; gyroscope; picture-in-picture; web-share\" referrerpolicy=\"strict-origin-when-cross-origin\" allowfullscreen><\/iframe>\n<\/div><figcaption>Entrevista a Pilar Rold\u00e1n, Beauty Market<\/figcaption><\/figure>\n\n\n\n<div style=\"height:25px\" aria-hidden=\"true\" class=\"wp-block-spacer\"><\/div>\n\n\n\n<h2 class=\"wp-block-heading\">BEAUTY CONTACT CATALUNYA. Nueva formaci\u00f3n para Peluquer\u00eda<\/h2>\n\n\n\n<p>Tras el \u00e9xito de nuestra primera experiencia en Beauty Contact Valencia,<strong> la organizaci\u00f3n ha contado con nosotros <\/strong>para participar en la pr\u00f3xima edici\u00f3n del evento, que se celebrar\u00e1 <strong>en Barcelona, los pr\u00f3ximos d\u00edas 9 y 10 de octubre<\/strong>.\u00a0<\/p>\n\n\n\n<p>Para esta ocasi\u00f3n, el equipo de INSIDE HAIR ha preparado un nuevo contenido de formaci\u00f3n para peluquer\u00eda. <strong>Actualizado a la realidad social de este momento <\/strong>y pensado para ayudar a paliar los efectos de las previsiones para los pr\u00f3ximos meses.\u00a0<\/p>\n\n\n\n<p>Bajo el t\u00edtulo: <strong>3 ACCIONES PARA CONSEGUIR INGRESOS EXTRA EN TU PELUQUER\u00cdA.<\/strong> Hemos desarrollado esta formaci\u00f3n para Peluquer\u00eda.. Un contenido, completamente novedoso, que estrenaremos en la edici\u00f3n de Beauty Contact Catalu\u00f1a-Barcelona, y en el que aprender\u00e1s c\u00f3mo enfocar el crecimiento de tu sal\u00f3n de peluquer\u00eda a trav\u00e9s de estas 3 acciones:<\/p>\n\n\n\n<h4 class=\"wp-block-heading\">Las 3 acciones<\/h4>\n\n\n\n<ul class=\"wp-block-list\"><li><strong>ATRAER NUEVOS CLIENTES: <\/strong>aprender\u00e1s a dar visibilidad a tu marca y viralizar su contenido en tu zona. A desarrollar un Plan de Marketing y Comunicaci\u00f3n efectivo y eficiente. A reconocer a tus clientes potenciales y a atraerlos hacia tu sal\u00f3n.<\/li><\/ul>\n\n\n\n<ul class=\"wp-block-list\"><li><strong>AUMENTAR LA FRECUENCIA DE VISITAS: <\/strong>descubre c\u00f3mo aportar valor a tus servicios. A generar contenido e informaci\u00f3n \u00fatil para tus clientes. A generar estrategias y protocolos de venta que les cautiven y los empujen a disfrutar de m\u00e1s servicios en tu sal\u00f3n. Todo, sin tener que invertir m\u00e1s tiempo de tu vida, apostando por la productividad.<\/li><\/ul>\n\n\n\n<ul class=\"wp-block-list\"><li><strong>INCREMENTAR EL TICKET MEDIO: <\/strong>atraer nuevos clientes es indispensable. Pero no es la \u00fanica soluci\u00f3n. Aprende c\u00f3mo aumentar la rentabilidad de las visitas de tus clientes m\u00e1s fieles. Crea estrategias de fidelizaci\u00f3n 100% probadas y que te permitir\u00e1n sacar m\u00e1s rendimiento en cada visita. Aumentar tu ticket medio, mes a mes, mientras consigues m\u00e1s tiempo para ti y los tuyos.<\/li><\/ul>\n\n\n\n<figure class=\"wp-block-image size-full\"><a href=\"https:\/\/insidesalons.com\/wp-content\/uploads\/2022\/09\/formacion-peluqueria-barcelona.jpg\"><img decoding=\"async\" width=\"1024\" height=\"576\" src=\"https:\/\/insidesalons.com\/wp-content\/uploads\/2022\/09\/formacion-peluqueria-barcelona.jpg\" alt=\"Pablo S\u00e1nchez, durante su intervenci\u00f3n en una formaci\u00f3n para Peluquer\u00edas. \" class=\"wp-image-9523\" srcset=\"https:\/\/insidehair.es\/wp-content\/uploads\/2022\/09\/formacion-peluqueria-barcelona.jpg 1024w, https:\/\/insidehair.es\/wp-content\/uploads\/2022\/09\/formacion-peluqueria-barcelona-300x169.jpg 300w, https:\/\/insidehair.es\/wp-content\/uploads\/2022\/09\/formacion-peluqueria-barcelona-768x432.jpg 768w\" sizes=\"(max-width: 1024px) 100vw, 1024px\" \/><\/a><figcaption>Pablo S\u00e1nchez, durante su intervenci\u00f3n en BEAUTY CONTACT Valencia. <\/figcaption><\/figure>\n\n\n\n<p>Esperamos que con este art\u00edculo hayas descubierto y verificado nuestra pasi\u00f3n por la formaci\u00f3n para peluquer\u00edas. Si te apetece venir a conocernos puedes pinchar en este enlace y conseguir<a href=\"https:\/\/beautycontact.es\/catalunya\/informacion-practica\/compra-tu-entrada\/\" target=\"_blank\" rel=\"noreferrer noopener\"> tu entrada para la formaci\u00f3n de Barcelona<\/a>. Pero si te es imposible, te adelantamos en exclusiva que, <strong>el pr\u00f3ximo 17 de octubre<\/strong>, presentaremos online el contenido \u00edntegro (y ampliado) de <strong>nuestra formaci\u00f3n \u20183 acciones para conseguir ingresos extra en tu Peluquer\u00eda<\/strong>&#8216;. Y como queremos que la disfrutes, justo debajo, te dejamos un bot\u00f3n para que accedas al registro para reservar tu plaza, de manera GRATUITA.\u00a0 Muchas gracias por estar ah\u00ed. Nos vemos pronto.\u00a0<\/p>\n\n\n\n<div style=\"height:30px\" aria-hidden=\"true\" class=\"wp-block-spacer\"><\/div>\n\n\n\n<div class=\"wp-block-buttons is-layout-flex wp-block-buttons-is-layout-flex\"><\/div>\n","protected":false},"excerpt":{"rendered":"<p>Con el mes de septiembre a punto de terminar, estamos todas y todos inmersos de nuevo en la rutina. Para nuestro equipo, este mes es tan importante como para las ni\u00f1as y ni\u00f1os que vuelven al cole. Es el inicio de un nuevo curso. Y todav\u00eda nos sentimos m\u00e1s identificados cuando en septiembre arrancamos una [&hellip;]<\/p>\n","protected":false},"author":1,"featured_media":9524,"comment_status":"open","ping_status":"open","sticky":false,"template":"","format":"standard","meta":{"footnotes":""},"categories":[10],"tags":[],"class_list":["post-9521","post","type-post","status-publish","format-standard","has-post-thumbnail","hentry","category-consultoria-mentoring-coaching"],"_links":{"self":[{"href":"https:\/\/insidehair.es\/index.php\/wp-json\/wp\/v2\/posts\/9521","targetHints":{"allow":["GET"]}}],"collection":[{"href":"https:\/\/insidehair.es\/index.php\/wp-json\/wp\/v2\/posts"}],"about":[{"href":"https:\/\/insidehair.es\/index.php\/wp-json\/wp\/v2\/types\/post"}],"author":[{"embeddable":true,"href":"https:\/\/insidehair.es\/index.php\/wp-json\/wp\/v2\/users\/1"}],"replies":[{"embeddable":true,"href":"https:\/\/insidehair.es\/index.php\/wp-json\/wp\/v2\/comments?post=9521"}],"version-history":[{"count":0,"href":"https:\/\/insidehair.es\/index.php\/wp-json\/wp\/v2\/posts\/9521\/revisions"}],"wp:featuredmedia":[{"embeddable":true,"href":"https:\/\/insidehair.es\/index.php\/wp-json\/wp\/v2\/media\/9524"}],"wp:attachment":[{"href":"https:\/\/insidehair.es\/index.php\/wp-json\/wp\/v2\/media?parent=9521"}],"wp:term":[{"taxonomy":"category","embeddable":true,"href":"https:\/\/insidehair.es\/index.php\/wp-json\/wp\/v2\/categories?post=9521"},{"taxonomy":"post_tag","embeddable":true,"href":"https:\/\/insidehair.es\/index.php\/wp-json\/wp\/v2\/tags?post=9521"}],"curies":[{"name":"wp","href":"https:\/\/api.w.org\/{rel}","templated":true}]}}