{"id":945,"date":"2020-02-04T17:31:04","date_gmt":"2020-02-04T17:31:04","guid":{"rendered":"https:\/\/insidesalons.com\/?p=945"},"modified":"2020-02-04T17:31:04","modified_gmt":"2020-02-04T17:31:04","slug":"la-digitalizacion-de-la-peluqueria","status":"publish","type":"post","link":"https:\/\/insidehair.es\/index.php\/2020\/02\/04\/la-digitalizacion-de-la-peluqueria\/","title":{"rendered":"LA DIGITALIZACI\u00d3N DE LA PELUQUER\u00cdA"},"content":{"rendered":"\n<h2 class=\"wp-block-heading\">La digitalizaci\u00f3n de la peluquer\u00eda en Espa\u00f1a muestra una gran evoluci\u00f3n durante el \u00faltimo a\u00f1o.<\/h2>\n\n\n\n<p>Una vez finalizado el a\u00f1o 2019, es momento para hacer an\u00e1lisis y comprobar lo <strong>importante que es la digitalizaci\u00f3n para el sector de la peluquer\u00eda. <\/strong><br><\/p>\n\n\n\n<p>El estudio digital realizado por STANPA confirma est\u00e1 tendencia. Repasemos los n\u00fameros que as\u00ed lo demuestra:<br>-El <strong>47%<\/strong> de las peluquer\u00edas emplea el <strong>canal online<\/strong> para su negocio.<br>-El <strong>49,8%<\/strong> utiliza la red social <strong>Facebook<\/strong>.<br>-El <strong>42%<\/strong> utiliza la red social <strong>Instagram.<\/strong><br>-El <strong>13%<\/strong> de los clientes utiliza la reserva de <strong>cita v\u00eda internet.<\/strong><\/p>\n\n\n\n<figure class=\"wp-block-image size-large\"><img fetchpriority=\"high\" decoding=\"async\" width=\"1024\" height=\"684\" src=\"https:\/\/insidesalons.com\/wp-content\/uploads\/2020\/02\/PELUQUERIA-DIGITAL-1024x684.jpg\" alt=\"\" class=\"wp-image-960\" srcset=\"https:\/\/insidehair.es\/wp-content\/uploads\/2020\/02\/PELUQUERIA-DIGITAL-1024x684.jpg 1024w, https:\/\/insidehair.es\/wp-content\/uploads\/2020\/02\/PELUQUERIA-DIGITAL-300x200.jpg 300w, https:\/\/insidehair.es\/wp-content\/uploads\/2020\/02\/PELUQUERIA-DIGITAL-768x513.jpg 768w, https:\/\/insidehair.es\/wp-content\/uploads\/2020\/02\/PELUQUERIA-DIGITAL.jpg 1200w\" sizes=\"(max-width: 1024px) 100vw, 1024px\" \/><\/figure>\n\n\n\n<h3 class=\"wp-block-heading\">\u00bfPor qu\u00e9 es importante la digitalizaci\u00f3n de tu sal\u00f3n de peluquer\u00eda?<\/h3>\n\n\n\n<p>Por una parte <strong>contar con un buen software de gesti\u00f3n<\/strong> te permitir\u00e1 tener un control total de tu peluquer\u00eda. <br>Podr\u00e1s <strong>encontrar las debilidades de tu sal\u00f3n<\/strong> a golpe de un solo clic, sin necesidad de pasarte horas haciendo c\u00e1lculos innecesarios manualmente. Adem\u00e1s estos programas en su mayor\u00eda <strong>incorporan el servicio de cita on-line<\/strong> que te servir\u00e1 para tener una agenda m\u00e1s organizada, ahorr\u00e1ndote mucho tiempo.<br>Conseguir\u00e1s tener para ti y tu equipo de trabajo una mejor <strong>planificaci\u00f3n de la jornada<\/strong>, adelant\u00e1ndote a las horas puntas de trabajo.<br><br>Por otra parte, contar con <strong>una web din\u00e1mica<\/strong>, con fotograf\u00edas, v\u00eddeos, testimonios, blog, tienda on-line&#8230;.. te permitir\u00e1 generar muchas visitas.<br>Una de los elementos m\u00e1s importantes de tu web debe ser el Blog. El blog debe <strong>aportar contenido de valor<\/strong>, es decir, darle a tu p\u00fablico informaci\u00f3n que les pueda ser \u00fatil, ya sea consejos para el cuidado, informaci\u00f3n de las \u00faltimas tendencias, hablar de los productos m\u00e1s beneficiosos&#8230;<br>De este modo generar\u00e1s confianza con ellos y no tendr\u00e1n la percepci\u00f3n de que lo \u00fanico que quieres es venderles servicios o productos.<\/p>\n\n\n\n<figure class=\"wp-block-image size-large\"><img decoding=\"async\" width=\"852\" height=\"480\" src=\"https:\/\/insidesalons.com\/wp-content\/uploads\/2020\/02\/DIGITALIZACION-PELUQUERIA.jpg\" alt=\"\" class=\"wp-image-961\" srcset=\"https:\/\/insidehair.es\/wp-content\/uploads\/2020\/02\/DIGITALIZACION-PELUQUERIA.jpg 852w, https:\/\/insidehair.es\/wp-content\/uploads\/2020\/02\/DIGITALIZACION-PELUQUERIA-300x169.jpg 300w, https:\/\/insidehair.es\/wp-content\/uploads\/2020\/02\/DIGITALIZACION-PELUQUERIA-768x433.jpg 768w\" sizes=\"(max-width: 852px) 100vw, 852px\" \/><\/figure>\n\n\n\n<p>Por \u00faltimo, debemos hablar del <strong>uso de las redes sociales.<\/strong> Las generaciones actuales se pasan el d\u00eda conectados al m\u00f3vil y en su mayor\u00eda a las redes sociales <strong>Facebook e Instagram<\/strong>. Si no eres visible en ellas ni actualizas contenido regularmente, est\u00e1s perdiendo una posibilidad de oro de generar nuevos clientes, fidelizar a tu clientela y aumentar tus ventas. Por ejemplo Instagram fue la rede social que m\u00e1s creci\u00f3 en el 2019, en una de nuestras entradas de blog, hablamos del <a href=\"https:\/\/insidesalons.com\/seo-en-instagram\/\"><strong>SEO en Instagram<\/strong><\/a>, que seguro te puede resultar muy \u00fatil.<br><br>La utilizaci\u00f3n del <strong>entorno digital es b\u00e1sico para un sal\u00f3n de peluquer\u00eda<\/strong> que no solo piensa en el presente si no que tiene una visi\u00f3n de futuro para el \u00e9xito de su negocio.<br><br>\u00bfTu sal\u00f3n de peluquer\u00eda est\u00e1 preparado? <strong>Realiza el siguiente Test<\/strong> y tendr\u00e1s la respuesta!<\/p>\n\n\n\n<p><\/p>\n\n\n\n<div class=\"wp-block-button aligncenter\"><a class=\"wp-block-button__link\" href=\"https:\/\/insidesalons.com\/test-de-marketing?fbclid=IwAR06JqFjbV86S7y4MYCxV-G3jyq8Pbdos7Er5Iqz3l6uMFGRI5rvnn3krTk\">TEST PELUQUER\u00cdA<\/a><\/div>\n\n\n\n<p><br><br> <br><\/p>\n","protected":false},"excerpt":{"rendered":"<p>La digitalizaci\u00f3n de la peluquer\u00eda en Espa\u00f1a muestra una gran evoluci\u00f3n durante el \u00faltimo a\u00f1o. Una vez finalizado el a\u00f1o 2019, es momento para hacer an\u00e1lisis y comprobar lo importante que es la digitalizaci\u00f3n para el sector de la peluquer\u00eda. El estudio digital realizado por STANPA confirma est\u00e1 tendencia. Repasemos los n\u00fameros que as\u00ed lo [&hellip;]<\/p>\n","protected":false},"author":5,"featured_media":959,"comment_status":"open","ping_status":"open","sticky":false,"template":"","format":"standard","meta":{"footnotes":""},"categories":[11],"tags":[],"class_list":["post-945","post","type-post","status-publish","format-standard","has-post-thumbnail","hentry","category-marketing-digital"],"_links":{"self":[{"href":"https:\/\/insidehair.es\/index.php\/wp-json\/wp\/v2\/posts\/945","targetHints":{"allow":["GET"]}}],"collection":[{"href":"https:\/\/insidehair.es\/index.php\/wp-json\/wp\/v2\/posts"}],"about":[{"href":"https:\/\/insidehair.es\/index.php\/wp-json\/wp\/v2\/types\/post"}],"author":[{"embeddable":true,"href":"https:\/\/insidehair.es\/index.php\/wp-json\/wp\/v2\/users\/5"}],"replies":[{"embeddable":true,"href":"https:\/\/insidehair.es\/index.php\/wp-json\/wp\/v2\/comments?post=945"}],"version-history":[{"count":0,"href":"https:\/\/insidehair.es\/index.php\/wp-json\/wp\/v2\/posts\/945\/revisions"}],"wp:featuredmedia":[{"embeddable":true,"href":"https:\/\/insidehair.es\/index.php\/wp-json\/wp\/v2\/media\/959"}],"wp:attachment":[{"href":"https:\/\/insidehair.es\/index.php\/wp-json\/wp\/v2\/media?parent=945"}],"wp:term":[{"taxonomy":"category","embeddable":true,"href":"https:\/\/insidehair.es\/index.php\/wp-json\/wp\/v2\/categories?post=945"},{"taxonomy":"post_tag","embeddable":true,"href":"https:\/\/insidehair.es\/index.php\/wp-json\/wp\/v2\/tags?post=945"}],"curies":[{"name":"wp","href":"https:\/\/api.w.org\/{rel}","templated":true}]}}