{"id":10503,"date":"2024-07-05T14:33:36","date_gmt":"2024-07-05T13:33:36","guid":{"rendered":"https:\/\/insidesalons.com\/?p=10503"},"modified":"2024-07-05T14:33:36","modified_gmt":"2024-07-05T13:33:36","slug":"formacion-para-peluqueria-2","status":"publish","type":"post","link":"https:\/\/insidehair.es\/index.php\/2024\/07\/05\/formacion-para-peluqueria-2\/","title":{"rendered":"Formaci\u00f3n para Peluquer\u00eda. Las mejores herramientas para hacer crecer tu sal\u00f3n"},"content":{"rendered":"\n<p>Hace muy poco, hemos tenido un<strong> doble \u00e9xito <\/strong>dentro de uno de los campos en los que somos especialistas: <strong>la formaci\u00f3n para Peluquer\u00eda<\/strong>. En INSIDE HAIR llevamos m\u00e1s de 15 a\u00f1os desarrollando y ofreciendo a nuestra comunidad de peluqueros, un sistema propio para potenciar sus negocios de Peluquer\u00eda. Este sistema est\u00e1 <strong>basado en tres pilares fundamentales, la formaci\u00f3n, la consultor\u00eda y marketing<\/strong>. Todo, para que tengas las mejores herramientas para tu sal\u00f3n de Peluquer\u00eda para controlar la gesti\u00f3n de tu negocio, el liderazgo de tu equipo y las ventas de tus servicios. \u00bfQuieres conocer nuestro \u00e9xito?&nbsp;<\/p>\n\n\n\n<div style=\"height:17px\" aria-hidden=\"true\" class=\"wp-block-spacer\"><\/div>\n\n\n\n<div style=\"height:32px\" aria-hidden=\"true\" class=\"wp-block-spacer\"><\/div>\n\n\n\n<figure class=\"wp-block-image size-full\"><a href=\"https:\/\/insidesalons.com\/wp-content\/uploads\/2024\/07\/formacion-para-peluqueria.jpg\"><img decoding=\"async\" src=\"https:\/\/insidesalons.com\/wp-content\/uploads\/2024\/07\/formacion-para-peluqueria.jpg\" alt=\"La formaci\u00f3n para peluquer\u00eda es esencial para el \u00e9xito de tu negocio\" class=\"wp-image-10504\"\/><\/a><figcaption class=\"wp-element-caption\">La formaci\u00f3n para peluquer\u00eda es esencial para el \u00e9xito de tu negocio<\/figcaption><\/figure>\n\n\n\n<h2 class=\"wp-block-heading\">INSIDE HAIR y Schwarzkopf, unidos por la formaci\u00f3n para Peluquer\u00edas&nbsp;<\/h2>\n\n\n\n<div style=\"height:32px\" aria-hidden=\"true\" class=\"wp-block-spacer\"><\/div>\n\n\n\n<p>Recientemente, hemos arrancado <strong>una colaboraci\u00f3n con Schwarzkopf Professional, <\/strong>para llevar a todos los salones que conf\u00edan en la marca, un curso especial de INSIDE HAIR, creado expresamente para esta comunidad. Con el nombre de \u201c4 Estrategias para Escalar tu Negocio de Peluquer\u00eda\u201d, esta formaci\u00f3n para Peluquer\u00edas se ha pensado como una <strong>experiencia especial para Salones Schwarzkopf<\/strong>.&nbsp;<\/p>\n\n\n\n<p>La formaci\u00f3n, con una duraci\u00f3n de una jornada de 8 horas, tiene como objetivo proporcionar contenido pr\u00e1ctico y aplicable para aprender <strong>a escalar y rentabilizar negocios de peluquer\u00eda.<\/strong><\/p>\n\n\n\n<p>Durante la jornada, arrancamos la sesi\u00f3n con un ejercicio de autoevaluaci\u00f3n para identificar qu\u00e9 tipo de emprendedores somos y c\u00f3mo podemos <strong>desarrollar nuestro m\u00e1ximo potencial como l\u00edderes<\/strong>. Tambi\u00e9n le ofrecimos a los clientes el conocimiento necesario para que pudieran identificar la etapa empresarial en la que se encuentra su sal\u00f3n y <strong>qu\u00e9&nbsp; barreras hay que superar para seguir creciendo.<\/strong> Fue revelador para los asistentes descubrir los indicadores clave que ayudan a entender el estado de sus negocios y qu\u00e9 acciones deben tomar para ser m\u00e1s rentables.<\/p>\n\n\n\n<p>Una de las partes m\u00e1s emocionantes del curso fue cuando se presentaron tres estrategias de venta esenciales para impulsar los ingresos de sus salones durante el resto del 2024. Todo, <strong>&nbsp;en un ambiente presencial, interactivo y lleno de energ\u00eda,<\/strong> donde tuvimos la oportunidad de resolver todas dudas a lo largo de las&nbsp; horas del curso.<\/p>\n\n\n\n<div style=\"height:32px\" aria-hidden=\"true\" class=\"wp-block-spacer\"><\/div>\n\n\n\n<h3 class=\"wp-block-heading\">Los beneficios de esta formaci\u00f3n para Peluquer\u00eda <\/h3>\n\n\n\n<div style=\"height:32px\" aria-hidden=\"true\" class=\"wp-block-spacer\"><\/div>\n\n\n\n<p><strong>Incremento de la rentabilidad: <\/strong>Aprendimos estrategias efectivas para aumentar nuestros ingresos y gestionar los costes de manera m\u00e1s eficiente.<\/p>\n\n\n\n<p><strong>Crecimiento empresarial: <\/strong>Identificamos nuestro estilo de liderazgo y entendimos en qu\u00e9 etapa empresarial est\u00e1n nuestros negocios, as\u00ed como las barreras que debemos superar.<\/p>\n\n\n\n<p><strong>Toma de decisiones basada en datos:<\/strong> Descubrimos c\u00f3mo analizar los datos clave de nuestros negocios para tomar decisiones que realmente impulsen nuestra rentabilidad.<\/p>\n\n\n\n<p><strong>Aplicaci\u00f3n inmediata: <\/strong>Nos llevamos estrategias probadas que podemos empezar a implementar de inmediato para mejorar nuestros salones durante el resto del 2024.<\/p>\n\n\n\n<p>Este curso est\u00e1&nbsp; dise\u00f1ado para <strong>abordar los problemas a los que se enfrentan los salones<\/strong> de peluquer\u00eda en Espa\u00f1a, como la dificultad para aumentar la rentabilidad, la gesti\u00f3n de recursos y la competencia en el mercado.&nbsp;<\/p>\n\n\n\n<p>Tras el \u00e9xito de estos cursos. Realizaremos dos formaciones m\u00e1s, en exclusiva, para salones Schwarzkopf en Madrid.&nbsp;<\/p>\n\n\n\n<div style=\"height:32px\" aria-hidden=\"true\" class=\"wp-block-spacer\"><\/div>\n\n\n\n<blockquote class=\"instagram-media\" data-instgrm-captioned data-instgrm-permalink=\"https:\/\/www.instagram.com\/reel\/C8pmZFUNKr3\/?utm_source=ig_embed&amp;utm_campaign=loading\" data-instgrm-version=\"14\" style=\" background:#FFF; border:0; border-radius:3px; box-shadow:0 0 1px 0 rgba(0,0,0,0.5),0 1px 10px 0 rgba(0,0,0,0.15); margin: 1px; max-width:540px; min-width:326px; padding:0; width:99.375%; width:-webkit-calc(100% - 2px); width:calc(100% - 2px);\"><div style=\"padding:16px;\"> <a href=\"https:\/\/www.instagram.com\/reel\/C8pmZFUNKr3\/?utm_source=ig_embed&amp;utm_campaign=loading\" style=\" background:#FFFFFF; line-height:0; padding:0 0; text-align:center; text-decoration:none; width:100%;\" target=\"_blank\" rel=\"noopener\"> <div style=\" display: flex; flex-direction: row; align-items: center;\"> <div style=\"background-color: #F4F4F4; border-radius: 50%; flex-grow: 0; height: 40px; margin-right: 14px; width: 40px;\"><\/div> <div style=\"display: flex; flex-direction: column; flex-grow: 1; justify-content: center;\"> <div style=\" background-color: #F4F4F4; border-radius: 4px; flex-grow: 0; height: 14px; margin-bottom: 6px; width: 100px;\"><\/div> <div style=\" background-color: #F4F4F4; border-radius: 4px; flex-grow: 0; height: 14px; width: 60px;\"><\/div><\/div><\/div><div style=\"padding: 19% 0;\"><\/div> <div style=\"display:block; height:50px; margin:0 auto 12px; width:50px;\"><svg width=\"50px\" height=\"50px\" viewBox=\"0 0 60 60\" version=\"1.1\" xmlns=\"https:\/\/www.w3.org\/2000\/svg\" xmlns:xlink=\"https:\/\/www.w3.org\/1999\/xlink\"><g stroke=\"none\" stroke-width=\"1\" fill=\"none\" fill-rule=\"evenodd\"><g transform=\"translate(-511.000000, -20.000000)\" fill=\"#000000\"><g><path d=\"M556.869,30.41 C554.814,30.41 553.148,32.076 553.148,34.131 C553.148,36.186 554.814,37.852 556.869,37.852 C558.924,37.852 560.59,36.186 560.59,34.131 C560.59,32.076 558.924,30.41 556.869,30.41 M541,60.657 C535.114,60.657 530.342,55.887 530.342,50 C530.342,44.114 535.114,39.342 541,39.342 C546.887,39.342 551.658,44.114 551.658,50 C551.658,55.887 546.887,60.657 541,60.657 M541,33.886 C532.1,33.886 524.886,41.1 524.886,50 C524.886,58.899 532.1,66.113 541,66.113 C549.9,66.113 557.115,58.899 557.115,50 C557.115,41.1 549.9,33.886 541,33.886 M565.378,62.101 C565.244,65.022 564.756,66.606 564.346,67.663 C563.803,69.06 563.154,70.057 562.106,71.106 C561.058,72.155 560.06,72.803 558.662,73.347 C557.607,73.757 556.021,74.244 553.102,74.378 C549.944,74.521 548.997,74.552 541,74.552 C533.003,74.552 532.056,74.521 528.898,74.378 C525.979,74.244 524.393,73.757 523.338,73.347 C521.94,72.803 520.942,72.155 519.894,71.106 C518.846,70.057 518.197,69.06 517.654,67.663 C517.244,66.606 516.755,65.022 516.623,62.101 C516.479,58.943 516.448,57.996 516.448,50 C516.448,42.003 516.479,41.056 516.623,37.899 C516.755,34.978 517.244,33.391 517.654,32.338 C518.197,30.938 518.846,29.942 519.894,28.894 C520.942,27.846 521.94,27.196 523.338,26.654 C524.393,26.244 525.979,25.756 528.898,25.623 C532.057,25.479 533.004,25.448 541,25.448 C548.997,25.448 549.943,25.479 553.102,25.623 C556.021,25.756 557.607,26.244 558.662,26.654 C560.06,27.196 561.058,27.846 562.106,28.894 C563.154,29.942 563.803,30.938 564.346,32.338 C564.756,33.391 565.244,34.978 565.378,37.899 C565.522,41.056 565.552,42.003 565.552,50 C565.552,57.996 565.522,58.943 565.378,62.101 M570.82,37.631 C570.674,34.438 570.167,32.258 569.425,30.349 C568.659,28.377 567.633,26.702 565.965,25.035 C564.297,23.368 562.623,22.342 560.652,21.575 C558.743,20.834 556.562,20.326 553.369,20.18 C550.169,20.033 549.148,20 541,20 C532.853,20 531.831,20.033 528.631,20.18 C525.438,20.326 523.257,20.834 521.349,21.575 C519.376,22.342 517.703,23.368 516.035,25.035 C514.368,26.702 513.342,28.377 512.574,30.349 C511.834,32.258 511.326,34.438 511.181,37.631 C511.035,40.831 511,41.851 511,50 C511,58.147 511.035,59.17 511.181,62.369 C511.326,65.562 511.834,67.743 512.574,69.651 C513.342,71.625 514.368,73.296 516.035,74.965 C517.703,76.634 519.376,77.658 521.349,78.425 C523.257,79.167 525.438,79.673 528.631,79.82 C531.831,79.965 532.853,80.001 541,80.001 C549.148,80.001 550.169,79.965 553.369,79.82 C556.562,79.673 558.743,79.167 560.652,78.425 C562.623,77.658 564.297,76.634 565.965,74.965 C567.633,73.296 568.659,71.625 569.425,69.651 C570.167,67.743 570.674,65.562 570.82,62.369 C570.966,59.17 571,58.147 571,50 C571,41.851 570.966,40.831 570.82,37.631\"><\/path><\/g><\/g><\/g><\/svg><\/div><div style=\"padding-top: 8px;\"> <div style=\" color:#3897f0; font-family:Arial,sans-serif; font-size:14px; font-style:normal; font-weight:550; line-height:18px;\">Ver esta publicaci\u00f3n en Instagram<\/div><\/div><div style=\"padding: 12.5% 0;\"><\/div> <div style=\"display: flex; flex-direction: row; margin-bottom: 14px; align-items: center;\"><div> <div style=\"background-color: #F4F4F4; border-radius: 50%; height: 12.5px; width: 12.5px; transform: translateX(0px) translateY(7px);\"><\/div> <div style=\"background-color: #F4F4F4; height: 12.5px; transform: rotate(-45deg) translateX(3px) translateY(1px); width: 12.5px; flex-grow: 0; margin-right: 14px; margin-left: 2px;\"><\/div> <div style=\"background-color: #F4F4F4; border-radius: 50%; height: 12.5px; width: 12.5px; transform: translateX(9px) translateY(-18px);\"><\/div><\/div><div style=\"margin-left: 8px;\"> <div style=\" background-color: #F4F4F4; border-radius: 50%; flex-grow: 0; height: 20px; width: 20px;\"><\/div> <div style=\" width: 0; height: 0; border-top: 2px solid transparent; border-left: 6px solid #f4f4f4; border-bottom: 2px solid transparent; transform: translateX(16px) translateY(-4px) rotate(30deg)\"><\/div><\/div><div style=\"margin-left: auto;\"> <div style=\" width: 0px; border-top: 8px solid #F4F4F4; border-right: 8px solid transparent; transform: translateY(16px);\"><\/div> <div style=\" background-color: #F4F4F4; flex-grow: 0; height: 12px; width: 16px; transform: translateY(-4px);\"><\/div> <div style=\" width: 0; height: 0; border-top: 8px solid #F4F4F4; border-left: 8px solid transparent; transform: translateY(-4px) translateX(8px);\"><\/div><\/div><\/div> <div style=\"display: flex; flex-direction: column; flex-grow: 1; justify-content: center; margin-bottom: 24px;\"> <div style=\" background-color: #F4F4F4; border-radius: 4px; flex-grow: 0; height: 14px; margin-bottom: 6px; width: 224px;\"><\/div> <div style=\" background-color: #F4F4F4; border-radius: 4px; flex-grow: 0; height: 14px; width: 144px;\"><\/div><\/div><\/a><p style=\" color:#c9c8cd; font-family:Arial,sans-serif; font-size:14px; line-height:17px; margin-bottom:0; margin-top:8px; overflow:hidden; padding:8px 0 7px; text-align:center; text-overflow:ellipsis; white-space:nowrap;\"><a href=\"https:\/\/www.instagram.com\/reel\/C8pmZFUNKr3\/?utm_source=ig_embed&amp;utm_campaign=loading\" style=\" color:#c9c8cd; font-family:Arial,sans-serif; font-size:14px; font-style:normal; font-weight:normal; line-height:17px; text-decoration:none;\" target=\"_blank\" rel=\"noopener\">Una publicaci\u00f3n compartida de INSIDE HAIR (@inside.hair)<\/a><\/p><\/div><\/blockquote> <script async src=\"\/\/www.instagram.com\/embed.js\"><\/script>\n\n\n\n<h2 class=\"wp-block-heading\">Formaci\u00f3n para Peluquer\u00eda: m\u00e1sters INSIDE&nbsp;<\/h2>\n\n\n\n<div style=\"height:32px\" aria-hidden=\"true\" class=\"wp-block-spacer\"><\/div>\n\n\n\n<p>Recientemente, tambi\u00e9n<strong> hemos clausurado las \u00faltimas ediciones de tres de nuestras formaciones para peluquer\u00eda m\u00e1s demandadas<\/strong>. IBM, SALON EXPERIENCE &amp; SCALING-S. Como en cada experiencia formativa de INSIDE HAIR, hemos reunido a los y las participantes para cerrar sus \u00faltimas sesiones de manera presencial.&nbsp;<\/p>\n\n\n\n<p>Para esta ocasi\u00f3n, las alumnas y los alumnos disfrutaron de un fin de semana en Valencia, <strong>repleto de actividades, formaci\u00f3n y networking<\/strong> que culmin\u00f3 con la entrega de diplomas y acreditaciones.&nbsp;<\/p>\n\n\n\n<p><a href=\"https:\/\/insidesalons.com\/formacion\/\">Nuestros m\u00e1sters y programas formativos <\/a>est\u00e1n enfocados en diversas \u00e1reas estrat\u00e9gicas de tu negocio de peluquer\u00eda. Adem\u00e1s, est\u00e1n programados para que todo el contenido y la <strong>informaci\u00f3n que recibes sea 100% aplicable en tu sal\u00f3n<\/strong>. Los m\u00e1sters que se han clausurado recientemente han sido los siguientes:&nbsp;<\/p>\n\n\n\n<div style=\"height:32px\" aria-hidden=\"true\" class=\"wp-block-spacer\"><\/div>\n\n\n\n<h3 class=\"wp-block-heading\">SCALING- S<\/h3>\n\n\n\n<div style=\"height:32px\" aria-hidden=\"true\" class=\"wp-block-spacer\"><\/div>\n\n\n\n<p>&nbsp;La Direcci\u00f3n de una empresa de Peluquer\u00eda implica desaf\u00edos y responsabilidades significativas. Y, como manager es tu funci\u00f3n&nbsp; asumir 3 Roles diferentes, el de t\u00e9cnico (como profesional de la Peluquer\u00eda) , el de administrador (como responsable de la gesti\u00f3n del negocio),<strong> y el de manager emprendedor (porque tu objetivo es que tu empresa siga creciendo).&nbsp;<\/strong><\/p>\n\n\n\n<p>ScalingS es un&nbsp; Plan de Crecimiento <strong>dise\u00f1ado espec\u00edficamente para emprendedores, managers y due\u00f1os de empresas<\/strong> de Peluquer\u00eda que quieren convertirse en l\u00edderes de su negocio. Un sistema basado en las&nbsp; metodolog\u00edas \u201c SCALING UP \u201c, reconocidas internacionalmente, y unidas a toda la experiencia que hemos desarrollado en INSIDE HAIR durante m\u00e1s de<strong> 15 a\u00f1os, trabajando con m\u00e1s de 600 salones<\/strong> y empresas de Peluquer\u00eda de Espa\u00f1a y Latinoam\u00e9rica: nuestra Metodolog\u00eda SALON 360\u00ba.&nbsp;<\/p>\n\n\n\n<p>ScalingS es el programa definitivo que te ayudar\u00e1 a potenciar el crecimiento de tu empresa de peluquer\u00eda. Y para conseguirlo, hemos creado un contenido dirigido espec\u00edficamente para nuestro sector y basado en la metodolog\u00eda SCALING UP, que ya ha ayudado a m\u00e1s de 50.000 empresas de todo el mundo<strong> a multiplicar por 10 su facturaci\u00f3n.<\/strong>&nbsp;<\/p>\n\n\n\n<div style=\"height:32px\" aria-hidden=\"true\" class=\"wp-block-spacer\"><\/div>\n\n\n\n<h3 class=\"wp-block-heading\">IBM&nbsp;<\/h3>\n\n\n\n<div style=\"height:32px\" aria-hidden=\"true\" class=\"wp-block-spacer\"><\/div>\n\n\n\n<p>Innovation Business Management (IBM) es un M\u00e1ster Online, creado por INSIDE HAIR, empresa especializada en Consultor\u00eda, Marketing y Formaci\u00f3n para Peluquer\u00eda,y certificado para due\u00f1as y due\u00f1os de negocios de Peluquer\u00eda que quieren dominar las principales \u00e1reas de liderazgo de su empresa, como <strong>son la gesti\u00f3n del negocio, el desarrollo del equipo, la dinamizaci\u00f3n de las ventas, la productividad y el marketing.&nbsp;<\/strong><\/p>\n\n\n\n<p>Se trata de una formaci\u00f3n 100% online y con una tasa de completados del 80%. Desde su lanzamiento el m\u00e1ster IBM ha tenido un total de 9 ediciones y m\u00e1s de 300 alumnos hasta la fecha.&nbsp;<\/p>\n\n\n\n<div style=\"height:32px\" aria-hidden=\"true\" class=\"wp-block-spacer\"><\/div>\n\n\n\n<h3 class=\"wp-block-heading\">SALON EXPERIENCE&nbsp;<\/h3>\n\n\n\n<div style=\"height:32px\" aria-hidden=\"true\" class=\"wp-block-spacer\"><\/div>\n\n\n\n<p>SALON EXPERIENCE, es un m\u00e1ster especializado en la creaci\u00f3n y gesti\u00f3n de la experiencia del cliente, para negocios de Peluquer\u00eda. Esta formaci\u00f3n est\u00e1 enfocada para salones de Peluquer\u00eda que quieran<strong> alcanzar la excelencia en su trato con el cliente<\/strong> y en la gesti\u00f3n de la experiencia de sus usuarios a lo largo de todas las fases del viaje del cliente a trav\u00e9s de un negocio de Peluquer\u00eda.&nbsp;<\/p>\n\n\n\n<p>Esta formaci\u00f3n para Peluquer\u00eda, especializada en la imagen y la marca del sal\u00f3n ayuda a sus alumnos a <strong>crear una marca de Peluquer\u00eda ganadora <\/strong>que atraiga la atenci\u00f3n de los clientes, una comunicaci\u00f3n y atenci\u00f3n al cliente que los convenza y una generaci\u00f3n de servicios de calidad que los fidelice.&nbsp;<\/p>\n\n\n\n<div style=\"height:32px\" aria-hidden=\"true\" class=\"wp-block-spacer\"><\/div>\n\n\n\n<figure class=\"wp-block-embed is-type-video is-provider-youtube wp-block-embed-youtube wp-embed-aspect-16-9 wp-has-aspect-ratio\"><div class=\"wp-block-embed__wrapper\">\n<iframe title=\"Formaci\u00f3n para Peluquer\u00edas, Jornadas Final de Masters en Valencia\" width=\"800\" height=\"450\" src=\"https:\/\/www.youtube.com\/embed\/AWClXhDYXcg?feature=oembed\" frameborder=\"0\" allow=\"accelerometer; autoplay; clipboard-write; encrypted-media; gyroscope; picture-in-picture; web-share\" referrerpolicy=\"strict-origin-when-cross-origin\" allowfullscreen><\/iframe>\n<\/div><\/figure>\n\n\n\n<h2 class=\"wp-block-heading\">Formaci\u00f3n para Peluquer\u00eda &nbsp;&nbsp;<\/h2>\n\n\n\n<div style=\"height:32px\" aria-hidden=\"true\" class=\"wp-block-spacer\"><\/div>\n\n\n\n<p>En INSIDE HAIR hemos demostrado una vez m\u00e1s nuestro compromiso con <strong>la excelencia y el crecimiento de los salones de peluquer\u00eda<\/strong> a trav\u00e9s de nuestras formaciones especializadas y colaboraciones estrat\u00e9gicas. Desde la innovadora alianza con Schwarzkopf Professional hasta la clausura de nuestros prestigiosos m\u00e1sters, cada uno de nuestros programas est\u00e1 dise\u00f1ado para<strong> proporcionar herramientas pr\u00e1cticas y aplicables<\/strong> que ayudan a los due\u00f1os de salones a escalar sus negocios, mejorar la rentabilidad y liderar con eficacia. Con m\u00e1s de 15 a\u00f1os de experiencia y el desarrollo de metodolog\u00edas reconocidas<strong>, continuamos siendo un referente en la industria<\/strong>, dedicados a impulsar el \u00e9xito de nuestros clientes y a transformar la experiencia de la peluquer\u00eda en Espa\u00f1a y m\u00e1s all\u00e1. Si quieres saber m\u00e1s, d\u00e9janos tus datos y nuestro equipo te informar\u00e1 de <strong>nuestra oferta formativa y de qu\u00e9 es lo que mejor encaja con tus necesidades.<\/strong>&nbsp;<\/p>\n\n\n\n<div style=\"height:28px\" aria-hidden=\"true\" class=\"wp-block-spacer\"><\/div>\n\n\n\n<div class=\"wp-block-buttons is-content-justification-center is-layout-flex wp-container-core-buttons-is-layout-a89b3969 wp-block-buttons-is-layout-flex\">\n<div class=\"wp-block-button\"><a class=\"wp-block-button__link wp-element-button\" href=\"https:\/\/insidehair.typeform.com\/to\/Bm8cDjTI\">\u00a1QUIERO SABER M\u00c1S!<\/a><\/div>\n<\/div>\n","protected":false},"excerpt":{"rendered":"<p>Hace muy poco, hemos tenido un doble \u00e9xito dentro de uno de los campos en los que somos especialistas: la formaci\u00f3n para Peluquer\u00eda. En INSIDE HAIR llevamos m\u00e1s de 15 a\u00f1os desarrollando y ofreciendo a nuestra comunidad de peluqueros, un sistema propio para potenciar sus negocios de Peluquer\u00eda. Este sistema est\u00e1 basado en tres pilares [&hellip;]<\/p>\n","protected":false},"author":1,"featured_media":10505,"comment_status":"open","ping_status":"open","sticky":false,"template":"","format":"standard","meta":{"footnotes":""},"categories":[9],"tags":[],"class_list":["post-10503","post","type-post","status-publish","format-standard","has-post-thumbnail","hentry","category-tendencias"],"_links":{"self":[{"href":"https:\/\/insidehair.es\/index.php\/wp-json\/wp\/v2\/posts\/10503","targetHints":{"allow":["GET"]}}],"collection":[{"href":"https:\/\/insidehair.es\/index.php\/wp-json\/wp\/v2\/posts"}],"about":[{"href":"https:\/\/insidehair.es\/index.php\/wp-json\/wp\/v2\/types\/post"}],"author":[{"embeddable":true,"href":"https:\/\/insidehair.es\/index.php\/wp-json\/wp\/v2\/users\/1"}],"replies":[{"embeddable":true,"href":"https:\/\/insidehair.es\/index.php\/wp-json\/wp\/v2\/comments?post=10503"}],"version-history":[{"count":0,"href":"https:\/\/insidehair.es\/index.php\/wp-json\/wp\/v2\/posts\/10503\/revisions"}],"wp:featuredmedia":[{"embeddable":true,"href":"https:\/\/insidehair.es\/index.php\/wp-json\/"}],"wp:attachment":[{"href":"https:\/\/insidehair.es\/index.php\/wp-json\/wp\/v2\/media?parent=10503"}],"wp:term":[{"taxonomy":"category","embeddable":true,"href":"https:\/\/insidehair.es\/index.php\/wp-json\/wp\/v2\/categories?post=10503"},{"taxonomy":"post_tag","embeddable":true,"href":"https:\/\/insidehair.es\/index.php\/wp-json\/wp\/v2\/tags?post=10503"}],"curies":[{"name":"wp","href":"https:\/\/api.w.org\/{rel}","templated":true}]}}